{"id":518,"date":"2023-09-21T15:40:54","date_gmt":"2023-09-21T13:40:54","guid":{"rendered":"https:\/\/vshaidershofen.ac.at\/?p=518"},"modified":"2025-07-03T16:44:09","modified_gmt":"2025-07-03T14:44:09","slug":"wandertag-der-4-klasse","status":"publish","type":"post","link":"https:\/\/vshaidershofen.ac.at\/index.php\/2023\/09\/21\/wandertag-der-4-klasse\/","title":{"rendered":"Wandertag der 4. Klasse"},"content":{"rendered":"\n<p>Am 12.9. machte die 4.Klasse einen Wandertag zum Minigolfplatz nach Steyr. <\/p>\n\n\n\n<p>Nach einer kurzen St\u00e4rkung spielten wir in kleinen Gruppen alle 18 Bahnen.<\/p>\n\n\n\n<p>Am Schluss wurde ein Gesamtsieger gek\u00fcrt und einen Klassenpokal bekamen wir auch noch! <\/p>\n\n\n\n<p>Danke an den PSV f\u00fcr die sch\u00f6ne \u00dcberraschung.<\/p>\n\n\n\n<figure class=\"wp-block-gallery has-nested-images columns-default is-cropped wp-block-gallery-1 is-layout-flex wp-block-gallery-is-layout-flex\">\n<figure class=\"wp-block-image size-large\"><img loading=\"lazy\" decoding=\"async\" width=\"1024\" height=\"768\" data-id=\"519\" src=\"https:\/\/vshaidershofen.ac.at\/wp-content\/uploads\/2023\/09\/20230912_094003-1024x768.jpg\" alt=\"\" class=\"wp-image-519\" srcset=\"https:\/\/vshaidershofen.ac.at\/wp-content\/uploads\/2023\/09\/20230912_094003-1024x768.jpg 1024w, https:\/\/vshaidershofen.ac.at\/wp-content\/uploads\/2023\/09\/20230912_094003-300x225.jpg 300w, https:\/\/vshaidershofen.ac.at\/wp-content\/uploads\/2023\/09\/20230912_094003-768x576.jpg 768w, https:\/\/vshaidershofen.ac.at\/wp-content\/uploads\/2023\/09\/20230912_094003-1536x1152.jpg 1536w, https:\/\/vshaidershofen.ac.at\/wp-content\/uploads\/2023\/09\/20230912_094003-2048x1536.jpg 2048w\" sizes=\"auto, (max-width: 1024px) 100vw, 1024px\" \/><\/figure>\n\n\n\n<figure class=\"wp-block-image size-large\"><img loading=\"lazy\" decoding=\"async\" width=\"768\" height=\"1024\" data-id=\"520\" src=\"https:\/\/vshaidershofen.ac.at\/wp-content\/uploads\/2023\/09\/20230912_095636-768x1024.jpg\" alt=\"\" class=\"wp-image-520\" srcset=\"https:\/\/vshaidershofen.ac.at\/wp-content\/uploads\/2023\/09\/20230912_095636-768x1024.jpg 768w, https:\/\/vshaidershofen.ac.at\/wp-content\/uploads\/2023\/09\/20230912_095636-225x300.jpg 225w, https:\/\/vshaidershofen.ac.at\/wp-content\/uploads\/2023\/09\/20230912_095636-1152x1536.jpg 1152w, https:\/\/vshaidershofen.ac.at\/wp-content\/uploads\/2023\/09\/20230912_095636-1536x2048.jpg 1536w, https:\/\/vshaidershofen.ac.at\/wp-content\/uploads\/2023\/09\/20230912_095636-rotated.jpg 1734w\" sizes=\"auto, (max-width: 768px) 100vw, 768px\" \/><\/figure>\n\n\n\n<figure class=\"wp-block-image size-large\"><img loading=\"lazy\" decoding=\"async\" width=\"1024\" height=\"768\" data-id=\"521\" src=\"https:\/\/vshaidershofen.ac.at\/wp-content\/uploads\/2023\/09\/20230912_111902-1024x768.jpg\" alt=\"\" class=\"wp-image-521\" srcset=\"https:\/\/vshaidershofen.ac.at\/wp-content\/uploads\/2023\/09\/20230912_111902-1024x768.jpg 1024w, https:\/\/vshaidershofen.ac.at\/wp-content\/uploads\/2023\/09\/20230912_111902-300x225.jpg 300w, https:\/\/vshaidershofen.ac.at\/wp-content\/uploads\/2023\/09\/20230912_111902-768x576.jpg 768w, https:\/\/vshaidershofen.ac.at\/wp-content\/uploads\/2023\/09\/20230912_111902-1536x1152.jpg 1536w, https:\/\/vshaidershofen.ac.at\/wp-content\/uploads\/2023\/09\/20230912_111902-2048x1536.jpg 2048w\" sizes=\"auto, (max-width: 1024px) 100vw, 1024px\" \/><\/figure>\n\n\n\n<figure class=\"wp-block-image size-large\"><img loading=\"lazy\" decoding=\"async\" width=\"1024\" height=\"768\" data-id=\"522\" src=\"https:\/\/vshaidershofen.ac.at\/wp-content\/uploads\/2023\/09\/20230912_112017-1024x768.jpg\" alt=\"\" class=\"wp-image-522\" srcset=\"https:\/\/vshaidershofen.ac.at\/wp-content\/uploads\/2023\/09\/20230912_112017-1024x768.jpg 1024w, https:\/\/vshaidershofen.ac.at\/wp-content\/uploads\/2023\/09\/20230912_112017-300x225.jpg 300w, https:\/\/vshaidershofen.ac.at\/wp-content\/uploads\/2023\/09\/20230912_112017-768x576.jpg 768w, https:\/\/vshaidershofen.ac.at\/wp-content\/uploads\/2023\/09\/20230912_112017-1536x1152.jpg 1536w, https:\/\/vshaidershofen.ac.at\/wp-content\/uploads\/2023\/09\/20230912_112017-2048x1536.jpg 2048w\" sizes=\"auto, (max-width: 1024px) 100vw, 1024px\" \/><\/figure>\n<\/figure>\n","protected":false},"excerpt":{"rendered":"<p>Am 12.9. machte die 4.Klasse einen Wandertag zum Minigolfplatz nach Steyr. Nach einer kurzen St\u00e4rkung spielten wir in kleinen Gruppen alle 18 Bahnen. Am Schluss wurde ein Gesamtsieger gek\u00fcrt und&hellip;<\/p>\n","protected":false},"author":2,"featured_media":0,"comment_status":"closed","ping_status":"open","sticky":false,"template":"","format":"standard","meta":{"_themeisle_gutenberg_block_has_review":false,"footnotes":""},"categories":[10],"tags":[],"class_list":["post-518","post","type-post","status-publish","format-standard","hentry","category-schuljahr-2023-24","category-10","description-off"],"_links":{"self":[{"href":"https:\/\/vshaidershofen.ac.at\/index.php\/wp-json\/wp\/v2\/posts\/518","targetHints":{"allow":["GET"]}}],"collection":[{"href":"https:\/\/vshaidershofen.ac.at\/index.php\/wp-json\/wp\/v2\/posts"}],"about":[{"href":"https:\/\/vshaidershofen.ac.at\/index.php\/wp-json\/wp\/v2\/types\/post"}],"author":[{"embeddable":true,"href":"https:\/\/vshaidershofen.ac.at\/index.php\/wp-json\/wp\/v2\/users\/2"}],"replies":[{"embeddable":true,"href":"https:\/\/vshaidershofen.ac.at\/index.php\/wp-json\/wp\/v2\/comments?post=518"}],"version-history":[{"count":1,"href":"https:\/\/vshaidershofen.ac.at\/index.php\/wp-json\/wp\/v2\/posts\/518\/revisions"}],"predecessor-version":[{"id":523,"href":"https:\/\/vshaidershofen.ac.at\/index.php\/wp-json\/wp\/v2\/posts\/518\/revisions\/523"}],"wp:attachment":[{"href":"https:\/\/vshaidershofen.ac.at\/index.php\/wp-json\/wp\/v2\/media?parent=518"}],"wp:term":[{"taxonomy":"category","embeddable":true,"href":"https:\/\/vshaidershofen.ac.at\/index.php\/wp-json\/wp\/v2\/categories?post=518"},{"taxonomy":"post_tag","embeddable":true,"href":"https:\/\/vshaidershofen.ac.at\/index.php\/wp-json\/wp\/v2\/tags?post=518"}],"curies":[{"name":"wp","href":"https:\/\/api.w.org\/{rel}","templated":true}]}}